{"id":393,"date":"2022-04-20T17:13:38","date_gmt":"2022-04-20T15:13:38","guid":{"rendered":"https:\/\/daejeon2022.uclg.org\/2022\/04\/20\/call-for-session-proposals-for-the-local4action-track\/"},"modified":"2022-05-24T09:35:48","modified_gmt":"2022-05-24T07:35:48","slug":"call-for-session-proposals-for-the-local4action-track","status":"publish","type":"post","link":"https:\/\/daejeon2022.uclg.org\/es\/call-for-session-proposals-for-the-local4action-track\/","title":{"rendered":"Convocatoria de propuestas de sesi\u00f3n para Local4Action Track"},"content":{"rendered":"<p>La Cumbre Mundial de L\u00edderes Locales y Regionales, convocada por CGLU, contar\u00e1 con un formato renovado y una mayor colaboraci\u00f3n entre miembros y socios. Ya est\u00e1 abierta una convocatoria de propuestas de sesiones dedicada al eje del Local4Action.<\/p>\n<p><strong>El eje Local4Action ofrecer\u00e1 una plataforma para compartir, escuchar y revisar, as\u00ed como para mostrar las diferentes din\u00e1micas que CGLU y sus socios han desarrollado, desde las acciones hasta las pol\u00edticas, pasando por el pensamiento, los movimientos, los valores y los debates y conversaciones, conectando lo local con lo global, y lo global con lo local.<\/strong><\/p>\n<p>El Eje Local4Action se compone de tres formatos diferentes para fomentar una amplia participaci\u00f3n en los diferentes \u00e1mbitos implicados en el trabajo y el desarrollo que llevan a cabo CGLU y sus socios:<\/p>\n<p><strong style=\"color:#52972B;\">Inspiraci\u00f3n local para el mundo _ \u00a1Venga a ver lo que est\u00e1 ocurriendo a nivel local!<\/strong><\/p>\n<p>Este formato englobar\u00e1 los procesos y experiencias de creaci\u00f3n y co-creaci\u00f3n de pol\u00edticas en la ciudad, implicando a todos los niveles de gobernanza y actores del desarrollo urbano sostenible (abierto a miembros de CGLU, gobierno nacional, socios de CGLU, miembros del colectivo, mecanismos de consulta de CGLU y socios).<\/p>\n<p><strong style=\"color:#52972B;\">Conversaciones globales _ \u00a1Tome asiento en la mesa global!<\/strong><\/p>\n<p>Las conversaciones y los retos globales que integran las tendencias actuales ser\u00e1n el centro de este formato, implicando al Global Taskforce, a actores interesados, a los partenariados globales y a los intercambios de alto nivel, abriendo el di\u00e1logo entre la vida a escala local y la conversaci\u00f3n global que impacta en la vida de la ciudadan\u00eda (abierto a los miembros del Global Taskfroce, a los socios institucionales globales, a las partes interesadas)<\/p>\n<p><strong style=\"color:#52972B;\">Laboratorios _ \u00a1Interact\u00fae y aprenda!<\/strong><\/p>\n<p>Este formato se dedicar\u00e1 a sesiones interactivas de formaci\u00f3n y talleres espec\u00edficos (abierto a miembros de CGLU, socios gubernamentales nacionales de CGLU, a miembros del colectivo).<\/p>\n<p><strong>Se sugiere centrar las propuestas en los tres ejes principales del Pacto para el Futuro:<\/strong><\/p>\n<p><strong style=\"color:#52972B;\">Personas<\/strong><\/p>\n<p>Una agenda m\u00e1s fuerte sobre el apoyo a los derechos en la ciudad, incluyendo el derecho a una vivienda adecuada para todos, los derechos culturales y los derechos digitales, como herramienta fundamental para no dejar a nadie ni a ning\u00fan lugar atr\u00e1s y como \u00fanico ant\u00eddoto contra el aumento del discurso discriminatorio y xen\u00f3fobo. El movimiento por la igualdad y el feminismo, as\u00ed como las agendas de movilidad humana, ser\u00e1n tambi\u00e9n una parte importante del Eje.<\/p>\n<p><strong style=\"color:#52972B;\">Planeta<\/strong><\/p>\n<p>La necesidad de construir nuevos modelos de transformaci\u00f3n ecol\u00f3gica y en relaci\u00f3n con la naturaleza. Podr\u00eda profundizar en las cuestiones relacionadas con la distribuci\u00f3n justa y equitativa de los beneficios de la acci\u00f3n clim\u00e1tica y la construcci\u00f3n de resiliencia, el fortalecimiento de los sistemas de cuidados, la protecci\u00f3n de los servicios p\u00fablicos y los bienes comunes, la energ\u00eda descentralizada y local, incluyendo el agua y el saneamiento.<\/p>\n<p><strong style=\"color:#52972B;\">Gobierno<\/strong><\/p>\n<p>Agenda de democracia local y redoblar los esfuerzos en torno a la paz, la transparencia y el gobierno abierto. La agenda de construcci\u00f3n de la paz ser\u00e1 un motor esencial para el Pacto por el Futuro.<\/p>\n<p>La fecha l\u00edmite para las propuestas de sesiones es el 15 de mayo de 2022. <strong>Las propuestas pueden presentarse en ingl\u00e9s, espa\u00f1ol y franc\u00e9s. Por favor, siga este enlace para presentar su propuesta en l\u00ednea.<\/strong><\/p>\n<p>Los solicitantes pueden esperar informaci\u00f3n sobre el resultado de su solicitud antes del 30 de junio de 2022. Para obtener la informaci\u00f3n m\u00e1s actualizada, consulte nuestro sitio web que se lanzar\u00e1 oficialmente en las pr\u00f3ximas semanas: <a href=\"https:\/\/www.daejeon2022.uclg.org\/\">https:\/\/www.daejeon2022.uclg.org<\/a><\/p>\n","protected":false},"excerpt":{"rendered":"<p>La Cumbre Mundial de L\u00edderes Locales y Regionales, convocada por CGLU, contar\u00e1 con un formato renovado y una mayor colaboraci\u00f3n entre miembros y socios. Ya est\u00e1 abierta una convocatoria de propuestas de sesiones dedicada al eje del Local4Action. El eje Local4Action ofrecer\u00e1 una plataforma para compartir, escuchar y revisar, as\u00ed como para mostrar las diferentes [&hellip;]<\/p>\n","protected":false},"author":1,"featured_media":834,"comment_status":"open","ping_status":"open","sticky":false,"template":"","format":"standard","meta":{"_et_pb_use_builder":"","_et_pb_old_content":"","_et_gb_content_width":""},"categories":[5],"tags":[],"acf":[],"_links":{"self":[{"href":"https:\/\/daejeon2022.uclg.org\/es\/wp-json\/wp\/v2\/posts\/393"}],"collection":[{"href":"https:\/\/daejeon2022.uclg.org\/es\/wp-json\/wp\/v2\/posts"}],"about":[{"href":"https:\/\/daejeon2022.uclg.org\/es\/wp-json\/wp\/v2\/types\/post"}],"author":[{"embeddable":true,"href":"https:\/\/daejeon2022.uclg.org\/es\/wp-json\/wp\/v2\/users\/1"}],"replies":[{"embeddable":true,"href":"https:\/\/daejeon2022.uclg.org\/es\/wp-json\/wp\/v2\/comments?post=393"}],"version-history":[{"count":2,"href":"https:\/\/daejeon2022.uclg.org\/es\/wp-json\/wp\/v2\/posts\/393\/revisions"}],"predecessor-version":[{"id":662,"href":"https:\/\/daejeon2022.uclg.org\/es\/wp-json\/wp\/v2\/posts\/393\/revisions\/662"}],"wp:featuredmedia":[{"embeddable":true,"href":"https:\/\/daejeon2022.uclg.org\/es\/wp-json\/wp\/v2\/media\/834"}],"wp:attachment":[{"href":"https:\/\/daejeon2022.uclg.org\/es\/wp-json\/wp\/v2\/media?parent=393"}],"wp:term":[{"taxonomy":"category","embeddable":true,"href":"https:\/\/daejeon2022.uclg.org\/es\/wp-json\/wp\/v2\/categories?post=393"},{"taxonomy":"post_tag","embeddable":true,"href":"https:\/\/daejeon2022.uclg.org\/es\/wp-json\/wp\/v2\/tags?post=393"}],"curies":[{"name":"wp","href":"https:\/\/api.w.org\/{rel}","templated":true}]}}